{"id":1705,"date":"2024-04-25T05:24:48","date_gmt":"2024-04-25T05:24:48","guid":{"rendered":"https:\/\/agephapharma.com\/?p=1705"},"modified":"2024-08-07T10:53:47","modified_gmt":"2024-08-07T10:53:47","slug":"age-related-macular-degeneration-the-leading-cause-of-permanent-loss-of-vision","status":"publish","type":"post","link":"https:\/\/agephapharma.com\/de\/news-insights\/age-related-macular-degeneration-the-leading-cause-of-permanent-loss-of-vision\/","title":{"rendered":"Altersbedingte Makuladegeneration \u2013 Die h\u00e4ufigste Ursache f\u00fcr dauerhaften Sehverlust"},"content":{"rendered":"<div data-elementor-type=\"wp-post\" data-elementor-id=\"1705\" class=\"elementor elementor-1705\">\n\t\t\t\t<div class=\"elementor-element elementor-element-e5351f0 e-con-full e-flex e-con e-parent\" data-id=\"e5351f0\" data-element_type=\"container\">\n\t\t\t\t<div class=\"elementor-element elementor-element-df36c4a elementor-widget elementor-widget-text-editor\" data-id=\"df36c4a\" data-element_type=\"widget\" data-widget_type=\"text-editor.default\">\n\t\t\t\t<div class=\"elementor-widget-container\">\n\t\t\t<style>\/*! elementor - v3.21.0 - 08-05-2024 *\/\n.elementor-widget-text-editor.elementor-drop-cap-view-stacked .elementor-drop-cap{background-color:#69727d;color:#fff}.elementor-widget-text-editor.elementor-drop-cap-view-framed .elementor-drop-cap{color:#69727d;border:3px solid;background-color:transparent}.elementor-widget-text-editor:not(.elementor-drop-cap-view-default) .elementor-drop-cap{margin-top:8px}.elementor-widget-text-editor:not(.elementor-drop-cap-view-default) .elementor-drop-cap-letter{width:1em;height:1em}.elementor-widget-text-editor .elementor-drop-cap{float:left;text-align:center;line-height:1;font-size:50px}.elementor-widget-text-editor .elementor-drop-cap-letter{display:inline-block}<\/style>\t\t\t\t<h2>Was ist altersbedingte Makuladegeneration?<\/h2><p>Die altersbedingte Makuladegeneration (AMD) ist eine Augenerkrankung und die h\u00e4ufigste Ursache f\u00fcr dauerhaften Sehverlust bei Menschen \u00fcber 60 Jahren. AMD tritt auf, wenn der zentrale Teil der Netzhaut, die sogenannte Makula, verschlei\u00dft.<span style=\"text-align: var(--text-align);\">Die Makula ist ein lichtempfindliches Nervengewebe im Auge. Es gibt zwei \u00fcbergeordnete Typen der altersbedingten Makuladegeneration:<\/span><\/p><ul><li>Trockene Form (geografische Atrophie): Wird normalerweise durch eine Ausd\u00fcnnung der Makula verursacht, die zu getr\u00fcbtem oder verzerrtem Sehen f\u00fchrt, insbesondere beim Lesen. Hinweis: Nahrungserg\u00e4nzungsmittel helfen nur bei der trockenen Form der AMD.<sup>1<\/sup><\/li><\/ul><div><span style=\"font-size: 13.5px;\">\u00a0<\/span><\/div><ul><li>Feuchte Form (neovaskul\u00e4re AMD): Wird im Allgemeinen durch abnormale Blutgef\u00e4\u00dfe verursacht, durch die Fl\u00fcssigkeit oder Blut in die Makula austreten, was zu Narben und dauerhaftem Verlust des zentralen Sehverm\u00f6gens f\u00fchren kann.<sup>3<\/sup><\/li><\/ul><div><span style=\"font-size: 13.5px;\">\u00a0<\/span><\/div><p>In den meisten F\u00e4llen handelt es sich bei AMD um eine trockene Form, die trockene kann jedoch auch zur feuchten Form f\u00fchren.<\/p><h3>Was sind die Hauptsymptome der AMD?<\/h3><p>Zu den Symptomen von AMD geh\u00f6ren im Allgemeinen visuelle Verzerrungen, verschwommene oder blinde Flecken im Sichtfeld und eine allgemeine Unsch\u00e4rfe des gesamten Sehverm\u00f6gens. In der Praxis k\u00f6nnen Personen, die an AMD leiden, beim Autofahren oder Lesen Schwierigkeiten haben und sich schlechter an schlechte Lichtverh\u00e4ltnisse wie ein schwach beleuchtetes Restaurant anpassen. AMD bleibt oft bis zu einem fortgeschrittenen Stadium unentdeckt, da das Gehirn blinde Flecken im Sehfeld kompensiert, sodass die Betroffenen nicht erkennen, dass sie nicht mehr klar sehen oder ihr Sehverm\u00f6gen verlieren. Dies ist auch ein Grund, warum AMD so gef\u00e4hrlich bleibt: Sie kann nur von einem Arzt diagnostiziert werden, und wenn es zu sp\u00e4t ist, k\u00f6nnen die Nervenenden m\u00f6glicherweise nicht wiederhergestellt werden, um das Sehverm\u00f6gen zu regenerieren. Suchen Sie so bald wie m\u00f6glich einen Augenarzt auf, wenn Sie Ver\u00e4nderungen in Ihrem zentralen Sehverm\u00f6gen bemerken oder Ihre F\u00e4higkeit, Farben und feine Details zu sehen, nachl\u00e4sst \u2013 insbesondere, wenn Sie \u00fcber 50 sind.<\/p><h3>Wie h\u00e4ufig tritt AMD auf?<\/h3><p>Die altersbedingte Makuladegeneration betrifft \u00fcber 11 Millionen Menschen in den USA und 34 Millionen Menschen in Europa. Sch\u00e4tzungen zufolge werden bis 2050 \u00fcber 77 Millionen Europ\u00e4er von AMD betroffen sein.<sup>4, 5, 6<\/sup><\/p><h3>Wie kann AMD geheilt werden?<\/h3><p>AMD kann zwar nicht geheilt werden, aber eine Behandlung kann helfen, den Ausbruch zu verlangsamen oder einen schweren Verlust des Sehverm\u00f6gens zu verhindern. Untersuchungen haben auch ergeben, dass Personen mit trockener AMD die Krankheit verlangsamen k\u00f6nnen, indem sie Nahrungserg\u00e4nzungsmittel mit Vitamin C, Vitamin E, Lutein, Zeaxanthin, Zink und Kupfer einnehmen.<\/p><h3>Helfen Sie mit, AMD mit Macusan vorzubeugen<\/h3><p>AGEPHA Pharma bietet die einzige mehrphasige Behandlung zur Vorbeugung von AMD an \u2013 gezielt auf Patienten in den einzelnen Stadien der AMD ausgerichtet \u2013 mit einer Reihe von drei oralen Nahrungserg\u00e4nzungsmitteln, die dabei helfen, einen gesunden Luteinspiegel aufrechtzuerhalten und das Risiko einer AMD-Erkrankung zu verringern.<\/p><p>Die Macusan-Reihe umfasst Nahrungserg\u00e4nzungsmittel f\u00fcr die Augen, die aus Multivitaminen bestehen, die die Durchblutung der Netzhaut steigern, darunter Lutein, Zeaxanthin, Vitamin C, Vitamin E, Zinkoxid, Kupferoxid, Ginkgo Biloba, Omega-3 und Fols\u00e4ure.<\/p><p>Macusan, Macusan Plus und Macusan AREDS2 sind ideal f\u00fcr alle AMD-Patienten in jedem Stadium der Progression, um zu helfen<\/p>\t\t\t\t\t\t<\/div>\n\t\t\t\t<\/div>\n\t\t\t\t<\/div>\n\t\t<div class=\"elementor-element elementor-element-cb1adae e-con-full e-flex e-con e-parent\" data-id=\"cb1adae\" data-element_type=\"container\">\n\t\t\t\t<div class=\"elementor-element elementor-element-ca3c145 elementor-widget__width-inherit elementor-widget elementor-widget-image\" data-id=\"ca3c145\" data-element_type=\"widget\" data-widget_type=\"image.default\">\n\t\t\t\t<div class=\"elementor-widget-container\">\n\t\t\t<style>\/*! elementor - v3.21.0 - 08-05-2024 *\/\n.elementor-widget-image{text-align:center}.elementor-widget-image a{display:inline-block}.elementor-widget-image a img[src$=\".svg\"]{width:48px}.elementor-widget-image img{vertical-align:middle;display:inline-block}<\/style>\t\t\t\t\t\t\t\t\t\t<img fetchpriority=\"high\" decoding=\"async\" width=\"1600\" height=\"566\" src=\"https:\/\/agephapharma.com\/wp-content\/uploads\/2024\/04\/blog_bottom_image.jpeg\" class=\"attachment-full size-full wp-image-4390\" alt=\"\" srcset=\"https:\/\/agephapharma.com\/wp-content\/uploads\/2024\/04\/blog_bottom_image.jpeg 1600w, https:\/\/agephapharma.com\/wp-content\/uploads\/2024\/04\/blog_bottom_image-300x106.jpeg 300w, https:\/\/agephapharma.com\/wp-content\/uploads\/2024\/04\/blog_bottom_image-1024x362.jpeg 1024w, https:\/\/agephapharma.com\/wp-content\/uploads\/2024\/04\/blog_bottom_image-768x272.jpeg 768w, https:\/\/agephapharma.com\/wp-content\/uploads\/2024\/04\/blog_bottom_image-1536x543.jpeg 1536w, https:\/\/agephapharma.com\/wp-content\/uploads\/2024\/04\/blog_bottom_image-18x6.jpeg 18w\" sizes=\"(max-width: 1600px) 100vw, 1600px\" \/>\t\t\t\t\t\t\t\t\t\t\t\t\t<\/div>\n\t\t\t\t<\/div>\n\t\t\t\t<\/div>\n\t\t<div class=\"elementor-element elementor-element-2cc056f e-flex e-con-boxed e-con e-parent\" data-id=\"2cc056f\" data-element_type=\"container\">\n\t\t\t\t\t<div class=\"e-con-inner\">\n\t\t\t\t<div class=\"elementor-element elementor-element-45afacb elementor-widget elementor-widget-accordion\" data-id=\"45afacb\" data-element_type=\"widget\" data-widget_type=\"accordion.default\">\n\t\t\t\t<div class=\"elementor-widget-container\">\n\t\t\t<style>\/*! elementor - v3.21.0 - 08-05-2024 *\/\n.elementor-accordion{text-align:start}.elementor-accordion .elementor-accordion-item{border:1px solid #d5d8dc}.elementor-accordion .elementor-accordion-item+.elementor-accordion-item{border-top:none}.elementor-accordion .elementor-tab-title{margin:0;padding:15px 20px;font-weight:700;line-height:1;cursor:pointer;outline:none}.elementor-accordion .elementor-tab-title .elementor-accordion-icon{display:inline-block;width:1.5em}.elementor-accordion .elementor-tab-title .elementor-accordion-icon svg{width:1em;height:1em}.elementor-accordion .elementor-tab-title .elementor-accordion-icon.elementor-accordion-icon-right{float:right;text-align:right}.elementor-accordion .elementor-tab-title .elementor-accordion-icon.elementor-accordion-icon-left{float:left;text-align:left}.elementor-accordion .elementor-tab-title .elementor-accordion-icon .elementor-accordion-icon-closed{display:block}.elementor-accordion .elementor-tab-title .elementor-accordion-icon .elementor-accordion-icon-opened,.elementor-accordion .elementor-tab-title.elementor-active .elementor-accordion-icon-closed{display:none}.elementor-accordion .elementor-tab-title.elementor-active .elementor-accordion-icon-opened{display:block}.elementor-accordion .elementor-tab-content{display:none;padding:15px 20px;border-top:1px solid #d5d8dc}@media (max-width:767px){.elementor-accordion .elementor-tab-title{padding:12px 15px}.elementor-accordion .elementor-tab-title .elementor-accordion-icon{width:1.2em}.elementor-accordion .elementor-tab-content{padding:7px 15px}}.e-con-inner>.elementor-widget-accordion,.e-con>.elementor-widget-accordion{width:var(--container-widget-width);--flex-grow:var(--container-widget-flex-grow)}<\/style>\t\t<div class=\"elementor-accordion\">\n\t\t\t\t\t\t\t<div class=\"elementor-accordion-item\">\n\t\t\t\t\t<div id=\"elementor-tab-title-7301\" class=\"elementor-tab-title\" data-tab=\"1\" role=\"button\" aria-controls=\"elementor-tab-content-7301\" aria-expanded=\"false\">\n\t\t\t\t\t\t\t\t\t\t\t\t\t<span class=\"elementor-accordion-icon elementor-accordion-icon-right\" aria-hidden=\"true\">\n\t\t\t\t\t\t\t\t\t\t\t\t\t\t\t<span class=\"elementor-accordion-icon-closed\"><svg class=\"e-font-icon-svg e-fas-arrow-right\" viewbox=\"0 0 448 512\" xmlns=\"http:\/\/www.w3.org\/2000\/svg\"><path d=\"M190.5 66.9l22.2-22.2c9.4-9.4 24.6-9.4 33.9 0L441 239c9.4 9.4 9.4 24.6 0 33.9L246.6 467.3c-9.4 9.4-24.6 9.4-33.9 0l-22.2-22.2c-9.5-9.5-9.3-25 .4-34.3L311.4 296H24c-13.3 0-24-10.7-24-24v-32c0-13.3 10.7-24 24-24h287.4L190.9 101.2c-9.8-9.3-10-24.8-.4-34.3z\"><\/path><\/svg><\/span>\n\t\t\t\t\t\t\t\t<span class=\"elementor-accordion-icon-opened\"><svg class=\"e-font-icon-svg e-fas-arrow-down\" viewbox=\"0 0 448 512\" xmlns=\"http:\/\/www.w3.org\/2000\/svg\"><path d=\"M413.1 222.5l22.2 22.2c9.4 9.4 9.4 24.6 0 33.9L241 473c-9.4 9.4-24.6 9.4-33.9 0L12.7 278.6c-9.4-9.4-9.4-24.6 0-33.9l22.2-22.2c9.5-9.5 25-9.3 34.3.4L184 343.4V56c0-13.3 10.7-24 24-24h32c13.3 0 24 10.7 24 24v287.4l114.8-120.5c9.3-9.8 24.8-10 34.3-.4z\"><\/path><\/svg><\/span>\n\t\t\t\t\t\t\t\t\t\t\t\t\t\t<\/span>\n\t\t\t\t\t\t\t\t\t\t\t\t<a class=\"elementor-accordion-title\" tabindex=\"0\">Quellen<\/a>\n\t\t\t\t\t<\/div>\n\t\t\t\t\t<div id=\"elementor-tab-content-7301\" class=\"elementor-tab-content elementor-clearfix\" data-tab=\"1\" role=\"region\" aria-labelledby=\"elementor-tab-title-7301\"><ol><li>Mayo Clinic \u2013 Trockene AMD<\/li><li>Mayo Clinic \u2013 Feuchte AMD<\/li><li>US National Library of Medicine \u2013 Nationale Institute f\u00fcr Gesundheit<\/li><li>Europ\u00e4ische Gesellschaft f\u00fcr Netzhautspezialisten<\/li><li>Health Europa\u00a0<\/li><li>AREDS2<\/li><\/ol><\/div>\n\t\t\t\t<\/div>\n\t\t\t\t\t\t\t\t<\/div>\n\t\t\t\t<\/div>\n\t\t\t\t<\/div>\n\t\t\t\t\t<\/div>\n\t\t\t\t<\/div>\n\t\t\t\t<\/div>","protected":false},"excerpt":{"rendered":"<p>Was ist altersbedingte Makuladegeneration? Die altersbedingte Makuladegeneration (AMD) ist eine Augenkrankheit, die die h\u00e4ufigste Ursache f\u00fcr dauerhaften Sehverlust bei Menschen \u00fcber 60 Jahren ist. AMD tritt auf, wenn der zentrale Teil der Netzhaut, die sogenannte Makula, verschlei\u00dft. Die Makula ist das lichtempfindliche Nervengewebe im Auge. Es gibt zwei [\u2026]<\/p>","protected":false},"author":1,"featured_media":4831,"comment_status":"open","ping_status":"open","sticky":false,"template":"","format":"standard","meta":{"_acf_changed":false,"footnotes":""},"categories":[1],"tags":[],"class_list":["post-1705","post","type-post","status-publish","format-standard","has-post-thumbnail","hentry","category-blog"],"acf":[],"yoast_head":"<!-- This site is optimized with the Yoast SEO plugin v24.8 - https:\/\/yoast.com\/wordpress\/plugins\/seo\/ -->\n<title>Age-Related Macular Degeneration \u2013 The leading cause of permanent loss of vision -<\/title>\n<meta name=\"robots\" content=\"index, follow, max-snippet:-1, max-image-preview:large, max-video-preview:-1\" \/>\n<link rel=\"canonical\" href=\"https:\/\/agephapharma.com\/de\/news-insights\/age-related-macular-degeneration-the-leading-cause-of-permanent-loss-of-vision\/\" \/>\n<meta property=\"og:locale\" content=\"de_DE\" \/>\n<meta property=\"og:type\" content=\"article\" \/>\n<meta property=\"og:title\" content=\"Age-Related Macular Degeneration \u2013 The leading cause of permanent loss of vision -\" \/>\n<meta property=\"og:description\" content=\"What is Age-Related Macular Degeneration? Age-related macular degeneration (AMD) is an eye disease that is the leading cause of permanent vision loss for people above the age of 60. AMD occurs when the central portion of the retina, called the macula, wears down.The macula is the light-sensing nerve tissue in the eye. There are two [&hellip;]\" \/>\n<meta property=\"og:url\" content=\"https:\/\/agephapharma.com\/de\/news-insights\/age-related-macular-degeneration-the-leading-cause-of-permanent-loss-of-vision\/\" \/>\n<meta property=\"article:publisher\" content=\"https:\/\/www.facebook.com\/agephapharma\/\" \/>\n<meta property=\"article:published_time\" content=\"2024-04-25T05:24:48+00:00\" \/>\n<meta property=\"article:modified_time\" content=\"2024-08-07T10:53:47+00:00\" \/>\n<meta property=\"og:image\" content=\"https:\/\/agephapharma.com\/wp-content\/uploads\/2024\/04\/Newpro003.jpg\" \/>\n\t<meta property=\"og:image:width\" content=\"1040\" \/>\n\t<meta property=\"og:image:height\" content=\"640\" \/>\n\t<meta property=\"og:image:type\" content=\"image\/jpeg\" \/>\n<meta name=\"author\" content=\"agephaphbwebs\" \/>\n<meta name=\"twitter:card\" content=\"summary_large_image\" \/>\n<meta name=\"twitter:label1\" content=\"Verfasst von\" \/>\n\t<meta name=\"twitter:data1\" content=\"agephaphbwebs\" \/>\n\t<meta name=\"twitter:label2\" content=\"Gesch\u00e4tzte Lesezeit\" \/>\n\t<meta name=\"twitter:data2\" content=\"3\u00a0Minuten\" \/>\n<script type=\"application\/ld+json\" class=\"yoast-schema-graph\">{\"@context\":\"https:\/\/schema.org\",\"@graph\":[{\"@type\":\"Article\",\"@id\":\"https:\/\/agephapharma.com\/news-insights\/age-related-macular-degeneration-the-leading-cause-of-permanent-loss-of-vision\/#article\",\"isPartOf\":{\"@id\":\"https:\/\/agephapharma.com\/news-insights\/age-related-macular-degeneration-the-leading-cause-of-permanent-loss-of-vision\/\"},\"author\":{\"name\":\"agephaphbwebs\",\"@id\":\"https:\/\/agephapharma.com\/#\/schema\/person\/130e0227baf98803cc9757b62a12e43e\"},\"headline\":\"Age-Related Macular Degeneration \u2013 The leading cause of permanent loss of vision\",\"datePublished\":\"2024-04-25T05:24:48+00:00\",\"dateModified\":\"2024-08-07T10:53:47+00:00\",\"mainEntityOfPage\":{\"@id\":\"https:\/\/agephapharma.com\/news-insights\/age-related-macular-degeneration-the-leading-cause-of-permanent-loss-of-vision\/\"},\"wordCount\":517,\"commentCount\":0,\"publisher\":{\"@id\":\"https:\/\/agephapharma.com\/#organization\"},\"image\":{\"@id\":\"https:\/\/agephapharma.com\/news-insights\/age-related-macular-degeneration-the-leading-cause-of-permanent-loss-of-vision\/#primaryimage\"},\"thumbnailUrl\":\"https:\/\/agephapharma.com\/wp-content\/uploads\/2024\/04\/Newpro003.jpg\",\"articleSection\":[\"Blog\"],\"inLanguage\":\"de\",\"potentialAction\":[{\"@type\":\"CommentAction\",\"name\":\"Comment\",\"target\":[\"https:\/\/agephapharma.com\/news-insights\/age-related-macular-degeneration-the-leading-cause-of-permanent-loss-of-vision\/#respond\"]}]},{\"@type\":\"WebPage\",\"@id\":\"https:\/\/agephapharma.com\/news-insights\/age-related-macular-degeneration-the-leading-cause-of-permanent-loss-of-vision\/\",\"url\":\"https:\/\/agephapharma.com\/news-insights\/age-related-macular-degeneration-the-leading-cause-of-permanent-loss-of-vision\/\",\"name\":\"Age-Related Macular Degeneration \u2013 The leading cause of permanent loss of vision -\",\"isPartOf\":{\"@id\":\"https:\/\/agephapharma.com\/#website\"},\"primaryImageOfPage\":{\"@id\":\"https:\/\/agephapharma.com\/news-insights\/age-related-macular-degeneration-the-leading-cause-of-permanent-loss-of-vision\/#primaryimage\"},\"image\":{\"@id\":\"https:\/\/agephapharma.com\/news-insights\/age-related-macular-degeneration-the-leading-cause-of-permanent-loss-of-vision\/#primaryimage\"},\"thumbnailUrl\":\"https:\/\/agephapharma.com\/wp-content\/uploads\/2024\/04\/Newpro003.jpg\",\"datePublished\":\"2024-04-25T05:24:48+00:00\",\"dateModified\":\"2024-08-07T10:53:47+00:00\",\"breadcrumb\":{\"@id\":\"https:\/\/agephapharma.com\/news-insights\/age-related-macular-degeneration-the-leading-cause-of-permanent-loss-of-vision\/#breadcrumb\"},\"inLanguage\":\"de\",\"potentialAction\":[{\"@type\":\"ReadAction\",\"target\":[\"https:\/\/agephapharma.com\/news-insights\/age-related-macular-degeneration-the-leading-cause-of-permanent-loss-of-vision\/\"]}]},{\"@type\":\"ImageObject\",\"inLanguage\":\"de\",\"@id\":\"https:\/\/agephapharma.com\/news-insights\/age-related-macular-degeneration-the-leading-cause-of-permanent-loss-of-vision\/#primaryimage\",\"url\":\"https:\/\/agephapharma.com\/wp-content\/uploads\/2024\/04\/Newpro003.jpg\",\"contentUrl\":\"https:\/\/agephapharma.com\/wp-content\/uploads\/2024\/04\/Newpro003.jpg\",\"width\":1040,\"height\":640},{\"@type\":\"BreadcrumbList\",\"@id\":\"https:\/\/agephapharma.com\/news-insights\/age-related-macular-degeneration-the-leading-cause-of-permanent-loss-of-vision\/#breadcrumb\",\"itemListElement\":[{\"@type\":\"ListItem\",\"position\":1,\"name\":\"Home\",\"item\":\"https:\/\/agephapharma.com\/\"},{\"@type\":\"ListItem\",\"position\":2,\"name\":\"Products\",\"item\":\"https:\/\/agephapharma.com\/products\/\"},{\"@type\":\"ListItem\",\"position\":3,\"name\":\"Age-Related Macular Degeneration \u2013 The leading cause of permanent loss of vision\"}]},{\"@type\":\"WebSite\",\"@id\":\"https:\/\/agephapharma.com\/#website\",\"url\":\"https:\/\/agephapharma.com\/\",\"name\":\"Agepha Pharma\",\"description\":\"\",\"publisher\":{\"@id\":\"https:\/\/agephapharma.com\/#organization\"},\"potentialAction\":[{\"@type\":\"SearchAction\",\"target\":{\"@type\":\"EntryPoint\",\"urlTemplate\":\"https:\/\/agephapharma.com\/?s={search_term_string}\"},\"query-input\":{\"@type\":\"PropertyValueSpecification\",\"valueRequired\":true,\"valueName\":\"search_term_string\"}}],\"inLanguage\":\"de\"},{\"@type\":\"Organization\",\"@id\":\"https:\/\/agephapharma.com\/#organization\",\"name\":\"Agepha Pharma - Get Used to Living Better\",\"url\":\"https:\/\/agephapharma.com\/\",\"logo\":{\"@type\":\"ImageObject\",\"inLanguage\":\"de\",\"@id\":\"https:\/\/agephapharma.com\/#\/schema\/logo\/image\/\",\"url\":\"https:\/\/agephapharma.com\/wp-content\/uploads\/2024\/03\/Agepha-Logo-1.svg\",\"contentUrl\":\"https:\/\/agephapharma.com\/wp-content\/uploads\/2024\/03\/Agepha-Logo-1.svg\",\"width\":203,\"height\":60,\"caption\":\"Agepha Pharma - Get Used to Living Better\"},\"image\":{\"@id\":\"https:\/\/agephapharma.com\/#\/schema\/logo\/image\/\"},\"sameAs\":[\"https:\/\/www.facebook.com\/agephapharma\/\",\"https:\/\/instagram.com\/agephapharma\"]},{\"@type\":\"Person\",\"@id\":\"https:\/\/agephapharma.com\/#\/schema\/person\/130e0227baf98803cc9757b62a12e43e\",\"name\":\"agephaphbwebs\",\"image\":{\"@type\":\"ImageObject\",\"inLanguage\":\"de\",\"@id\":\"https:\/\/agephapharma.com\/#\/schema\/person\/image\/\",\"url\":\"https:\/\/secure.gravatar.com\/avatar\/dfd8b0c8a4f7888b162e7a94a207c07d9683c50b636cdc43327c497f841dba8b?s=96&d=mm&r=g\",\"contentUrl\":\"https:\/\/secure.gravatar.com\/avatar\/dfd8b0c8a4f7888b162e7a94a207c07d9683c50b636cdc43327c497f841dba8b?s=96&d=mm&r=g\",\"caption\":\"agephaphbwebs\"},\"sameAs\":[\"https:\/\/agephapharma.com\"],\"url\":\"https:\/\/agephapharma.com\/de\/products\/author\/agephaphbwebs\/\"}]}<\/script>\n<!-- \/ Yoast SEO plugin. -->","yoast_head_json":{"title":"Age-Related Macular Degeneration \u2013 The leading cause of permanent loss of vision -","robots":{"index":"index","follow":"follow","max-snippet":"max-snippet:-1","max-image-preview":"max-image-preview:large","max-video-preview":"max-video-preview:-1"},"canonical":"https:\/\/agephapharma.com\/de\/news-insights\/age-related-macular-degeneration-the-leading-cause-of-permanent-loss-of-vision\/","og_locale":"de_DE","og_type":"article","og_title":"Age-Related Macular Degeneration \u2013 The leading cause of permanent loss of vision -","og_description":"What is Age-Related Macular Degeneration? Age-related macular degeneration (AMD) is an eye disease that is the leading cause of permanent vision loss for people above the age of 60. AMD occurs when the central portion of the retina, called the macula, wears down.The macula is the light-sensing nerve tissue in the eye. There are two [&hellip;]","og_url":"https:\/\/agephapharma.com\/de\/news-insights\/age-related-macular-degeneration-the-leading-cause-of-permanent-loss-of-vision\/","article_publisher":"https:\/\/www.facebook.com\/agephapharma\/","article_published_time":"2024-04-25T05:24:48+00:00","article_modified_time":"2024-08-07T10:53:47+00:00","og_image":[{"width":1040,"height":640,"url":"https:\/\/agephapharma.com\/wp-content\/uploads\/2024\/04\/Newpro003.jpg","type":"image\/jpeg"}],"author":"agephaphbwebs","twitter_card":"summary_large_image","twitter_misc":{"Verfasst von":"agephaphbwebs","Gesch\u00e4tzte Lesezeit":"3\u00a0Minuten"},"schema":{"@context":"https:\/\/schema.org","@graph":[{"@type":"Article","@id":"https:\/\/agephapharma.com\/news-insights\/age-related-macular-degeneration-the-leading-cause-of-permanent-loss-of-vision\/#article","isPartOf":{"@id":"https:\/\/agephapharma.com\/news-insights\/age-related-macular-degeneration-the-leading-cause-of-permanent-loss-of-vision\/"},"author":{"name":"agephaphbwebs","@id":"https:\/\/agephapharma.com\/#\/schema\/person\/130e0227baf98803cc9757b62a12e43e"},"headline":"Age-Related Macular Degeneration \u2013 The leading cause of permanent loss of vision","datePublished":"2024-04-25T05:24:48+00:00","dateModified":"2024-08-07T10:53:47+00:00","mainEntityOfPage":{"@id":"https:\/\/agephapharma.com\/news-insights\/age-related-macular-degeneration-the-leading-cause-of-permanent-loss-of-vision\/"},"wordCount":517,"commentCount":0,"publisher":{"@id":"https:\/\/agephapharma.com\/#organization"},"image":{"@id":"https:\/\/agephapharma.com\/news-insights\/age-related-macular-degeneration-the-leading-cause-of-permanent-loss-of-vision\/#primaryimage"},"thumbnailUrl":"https:\/\/agephapharma.com\/wp-content\/uploads\/2024\/04\/Newpro003.jpg","articleSection":["Blog"],"inLanguage":"de","potentialAction":[{"@type":"CommentAction","name":"Comment","target":["https:\/\/agephapharma.com\/news-insights\/age-related-macular-degeneration-the-leading-cause-of-permanent-loss-of-vision\/#respond"]}]},{"@type":"WebPage","@id":"https:\/\/agephapharma.com\/news-insights\/age-related-macular-degeneration-the-leading-cause-of-permanent-loss-of-vision\/","url":"https:\/\/agephapharma.com\/news-insights\/age-related-macular-degeneration-the-leading-cause-of-permanent-loss-of-vision\/","name":"Age-Related Macular Degeneration \u2013 The leading cause of permanent loss of vision -","isPartOf":{"@id":"https:\/\/agephapharma.com\/#website"},"primaryImageOfPage":{"@id":"https:\/\/agephapharma.com\/news-insights\/age-related-macular-degeneration-the-leading-cause-of-permanent-loss-of-vision\/#primaryimage"},"image":{"@id":"https:\/\/agephapharma.com\/news-insights\/age-related-macular-degeneration-the-leading-cause-of-permanent-loss-of-vision\/#primaryimage"},"thumbnailUrl":"https:\/\/agephapharma.com\/wp-content\/uploads\/2024\/04\/Newpro003.jpg","datePublished":"2024-04-25T05:24:48+00:00","dateModified":"2024-08-07T10:53:47+00:00","breadcrumb":{"@id":"https:\/\/agephapharma.com\/news-insights\/age-related-macular-degeneration-the-leading-cause-of-permanent-loss-of-vision\/#breadcrumb"},"inLanguage":"de","potentialAction":[{"@type":"ReadAction","target":["https:\/\/agephapharma.com\/news-insights\/age-related-macular-degeneration-the-leading-cause-of-permanent-loss-of-vision\/"]}]},{"@type":"ImageObject","inLanguage":"de","@id":"https:\/\/agephapharma.com\/news-insights\/age-related-macular-degeneration-the-leading-cause-of-permanent-loss-of-vision\/#primaryimage","url":"https:\/\/agephapharma.com\/wp-content\/uploads\/2024\/04\/Newpro003.jpg","contentUrl":"https:\/\/agephapharma.com\/wp-content\/uploads\/2024\/04\/Newpro003.jpg","width":1040,"height":640},{"@type":"BreadcrumbList","@id":"https:\/\/agephapharma.com\/news-insights\/age-related-macular-degeneration-the-leading-cause-of-permanent-loss-of-vision\/#breadcrumb","itemListElement":[{"@type":"ListItem","position":1,"name":"Home","item":"https:\/\/agephapharma.com\/"},{"@type":"ListItem","position":2,"name":"Products","item":"https:\/\/agephapharma.com\/products\/"},{"@type":"ListItem","position":3,"name":"Age-Related Macular Degeneration \u2013 The leading cause of permanent loss of vision"}]},{"@type":"WebSite","@id":"https:\/\/agephapharma.com\/#website","url":"https:\/\/agephapharma.com\/","name":"Agepha Pharma","description":"","publisher":{"@id":"https:\/\/agephapharma.com\/#organization"},"potentialAction":[{"@type":"SearchAction","target":{"@type":"EntryPoint","urlTemplate":"https:\/\/agephapharma.com\/?s={search_term_string}"},"query-input":{"@type":"PropertyValueSpecification","valueRequired":true,"valueName":"search_term_string"}}],"inLanguage":"de"},{"@type":"Organization","@id":"https:\/\/agephapharma.com\/#organization","name":"Agepha Pharma - Get Used to Living Better","url":"https:\/\/agephapharma.com\/","logo":{"@type":"ImageObject","inLanguage":"de","@id":"https:\/\/agephapharma.com\/#\/schema\/logo\/image\/","url":"https:\/\/agephapharma.com\/wp-content\/uploads\/2024\/03\/Agepha-Logo-1.svg","contentUrl":"https:\/\/agephapharma.com\/wp-content\/uploads\/2024\/03\/Agepha-Logo-1.svg","width":203,"height":60,"caption":"Agepha Pharma - Get Used to Living Better"},"image":{"@id":"https:\/\/agephapharma.com\/#\/schema\/logo\/image\/"},"sameAs":["https:\/\/www.facebook.com\/agephapharma\/","https:\/\/instagram.com\/agephapharma"]},{"@type":"Person","@id":"https:\/\/agephapharma.com\/#\/schema\/person\/130e0227baf98803cc9757b62a12e43e","name":"agephaphbwebs","image":{"@type":"ImageObject","inLanguage":"de","@id":"https:\/\/agephapharma.com\/#\/schema\/person\/image\/","url":"https:\/\/secure.gravatar.com\/avatar\/dfd8b0c8a4f7888b162e7a94a207c07d9683c50b636cdc43327c497f841dba8b?s=96&d=mm&r=g","contentUrl":"https:\/\/secure.gravatar.com\/avatar\/dfd8b0c8a4f7888b162e7a94a207c07d9683c50b636cdc43327c497f841dba8b?s=96&d=mm&r=g","caption":"agephaphbwebs"},"sameAs":["https:\/\/agephapharma.com"],"url":"https:\/\/agephapharma.com\/de\/products\/author\/agephaphbwebs\/"}]}},"_links":{"self":[{"href":"https:\/\/agephapharma.com\/de\/wp-json\/wp\/v2\/posts\/1705","targetHints":{"allow":["GET"]}}],"collection":[{"href":"https:\/\/agephapharma.com\/de\/wp-json\/wp\/v2\/posts"}],"about":[{"href":"https:\/\/agephapharma.com\/de\/wp-json\/wp\/v2\/types\/post"}],"author":[{"embeddable":true,"href":"https:\/\/agephapharma.com\/de\/wp-json\/wp\/v2\/users\/1"}],"replies":[{"embeddable":true,"href":"https:\/\/agephapharma.com\/de\/wp-json\/wp\/v2\/comments?post=1705"}],"version-history":[{"count":22,"href":"https:\/\/agephapharma.com\/de\/wp-json\/wp\/v2\/posts\/1705\/revisions"}],"predecessor-version":[{"id":4393,"href":"https:\/\/agephapharma.com\/de\/wp-json\/wp\/v2\/posts\/1705\/revisions\/4393"}],"wp:featuredmedia":[{"embeddable":true,"href":"https:\/\/agephapharma.com\/de\/wp-json\/wp\/v2\/media\/4831"}],"wp:attachment":[{"href":"https:\/\/agephapharma.com\/de\/wp-json\/wp\/v2\/media?parent=1705"}],"wp:term":[{"taxonomy":"category","embeddable":true,"href":"https:\/\/agephapharma.com\/de\/wp-json\/wp\/v2\/categories?post=1705"},{"taxonomy":"post_tag","embeddable":true,"href":"https:\/\/agephapharma.com\/de\/wp-json\/wp\/v2\/tags?post=1705"}],"curies":[{"name":"wp","href":"https:\/\/api.w.org\/{rel}","templated":true}]}}